{"id":6912,"date":"2021-09-14T12:46:21","date_gmt":"2021-09-14T10:46:21","guid":{"rendered":"https:\/\/www.anffasms.it\/?p=6912"},"modified":"2021-09-14T12:48:27","modified_gmt":"2021-09-14T10:48:27","slug":"al-via-la-collaborazione-tra-inps-anffas-anmic-ens-e-uic","status":"publish","type":"post","link":"https:\/\/www.anffasms.it\/?p=6912","title":{"rendered":"Al via la collaborazione tra INPS &#8211; ANFFAS, ANMIC, ENS e UIC"},"content":{"rendered":"<h1>Istituito un TAVOLO DI CONFRONTO SU DISABILIT\u00c0<\/h1>\n<h2>Al via la collaborazione tra INPS &#8211; ANFFAS, ANMIC, ENS e UIC<\/h2>\n<p>Nella giornata di marted\u00ec 7 settembre<strong> Anffas<\/strong>, unitamente ad altre tre associazioni<strong> ANMIC, UICI ed ENS,<\/strong> ha firmato con l\u2019<strong>Istituto Nazionale Previdenza Sociale &#8211; Inps<\/strong> un protocollo con cui \u00e8 stato istituito un tavolo di confronto a livello centrale sulle questioni inerenti la disabilit\u00e0 ed il miglioramento delle prestazioni e dei servizi<\/p>\n<ul>\n<li>sia in tema di invalidit\u00e0 civile, stato di <em>handicap <\/em>ai sensi della legge n. 104\/1992, disabilit\u00e0 ai fini scolastici e lavorativi<\/li>\n<li>sia rispetto ad altre prestazioni assistenziali e di previdenza che impattano direttamente sulla vita delle persone con disabilit\u00e0.<\/li>\n<\/ul>\n<blockquote><p><strong><em>Si apre da questo momento una nuova stagione per tutti noi <\/em><\/strong>&#8211; continua cos\u00ec il Presidente Speziale &#8211; <strong><em>che saremo impegnati, a livello centrale e territoriale, a rendere pi\u00f9 incisivo e presente il nostro intervento come Anffas nel momento accertativo, ma soprattutto a portare quella specifica esperienza che abbiamo sulla disabilit\u00e0 intellettiva e sui disturbi del neurosviluppo e dello spettro autistico perch\u00e9 siano gi\u00e0 posti, in tali fasi, gli elementi salienti per l\u2019attivazione (negli altri luoghi deputati ad erogare servizi), di idonei sostegni e supporti<\/em><\/strong>.<\/p><\/blockquote>\n<h3>Riportiamo di seguito il comunicato stampa di Anffas<\/h3>\n<p>Nella giornata di <strong>marted\u00ec 7 settembre u.s. Anffas<\/strong>, unitamente ad altre tre associazioni <strong>ANMIC, UICI ed ENS<\/strong>, ha firmato con l\u2019<strong>Istituto Nazionale Previdenza Sociale &#8211; Inps<\/strong> un protocollo (in allegato e disponibile <a href=\"http:\/\/www.anffas.net\/dld\/files\/Istituzione%20Tavolo%20di%20confronto%20sulla%20disabilita.pdf\">qui<\/a>) con cui \u00e8 stato istituito, alla presenza del presidente dell\u2019Istituto <strong>Pasquale Tridico<\/strong>, del Direttore Generale <strong>Gabriella di Michele, <\/strong>del Direttore della Direzione Centrale Inclusione Sociale e invalidit\u00e0 <strong>Maria Sciarrino<\/strong>, del Coordinatore Generale di Medicina Legale <strong>Raffaele Migliorini <\/strong>e dei vertici delle quattro associazioni di categoria, un <strong>tavolo di confronto a livello centrale sulle questioni inerenti la disabilit\u00e0 <\/strong>ed il miglioramento delle prestazioni e dei servizi sia in tema di invalidit\u00e0 civile, stato di <em>handicap <\/em>ai sensi della legge n. 104\/1992, disabilit\u00e0 ai fini scolastici e lavorativi sia rispetto ad altre prestazioni assistenziali e di previdenza che impattano direttamente sulla vita delle persone con disabilit\u00e0.<\/p>\n<p>\u201c<em>Attraverso l\u2019istituzione di tale tavolo<\/em> &#8211; dichiara il <strong>Presidente nazionale Anffas, Roberto Speziale<\/strong> &#8211; <em>non solo sar\u00e0 possibile rilevare eventuali criticit\u00e0 nell\u2019andamento dell\u2019attuale sistema accertativo, incluse le modalit\u00e0 di partecipazione dei medici di rappresentanza alle commissioni, ma soprattutto si vuole <strong>attivare un percorso assolutamente propositivo per il miglioramento del sistema segnalando anche buone prassi o eventuali soluzioni innovative volte a rendere pi\u00f9 agevole e maggiormente puntuale il momento accertativo per le persone con disabilit\u00e0<\/strong>, affinch\u00e9 possa essere poi utile per la predisposizione concreta dei servizi (e non solo delle provvidenze economiche) necessari per le persone che rappresentiamo<\/em>.\u201d<\/p>\n<p>Il riferimento \u00e8 soprattutto <strong>alle commissioni ex lege n. 104\/1992 per i minori ai fini dell\u2019inclusione scolastica<\/strong> che, nell\u2019ottica della riforma sull\u2019inclusione scolastica per gli alunni con disabilit\u00e0 prevista dal decreto legislativo n. 66\/2017, permetteranno attraverso tale accertamento di dare indicazioni per stabilire successivamente quali barriere e facilitatori debbano essere rispettivamente eliminati ed approntati per modificare gli ambienti (incluso quello scolastico) frequentati dai minori con disabilit\u00e0 perch\u00e9 diventino inclusivi, al di l\u00e0 di sostegni diretti alla persona stessa.<\/p>\n<p>\u201c<strong><em>Si apre da questo momento una nuova stagione per tutti noi <\/em><\/strong>&#8211; continua cos\u00ec il Presidente Speziale &#8211; <strong><em>che saremo impegnati, a livello centrale e territoriale, a rendere pi\u00f9 incisivo e presente il nostro intervento come Anffas nel momento accertativo, ma soprattutto a portare quella specifica esperienza che abbiamo sulla disabilit\u00e0 intellettiva e sui disturbi del neurosviluppo e dello spettro autistico perch\u00e9 siano gi\u00e0 posti, in tali fasi, gli elementi salienti per l\u2019attivazione (negli altri luoghi deputati ad erogare servizi), di idonei sostegni e supporti<\/em><\/strong>\u201d.<\/p>\n<p>\u201c<em>Il protocollo <\/em>&#8211; conclude <strong>Speziale<\/strong> &#8211; <strong><em>richiama tutti ad un rinnovato impegno di responsabilit\u00e0 al servizio delle persone con disabilit\u00e0 di cui Anffas si prende cura e carico ormai da pi\u00f9 di 60 anni <\/em><\/strong><em>e quindi di servizio anche verso le Istituzioni che sono deputate ad essere a loro volta al servizio delle medesime persone.<\/em><\/p>\n<p><em>Ed \u00e8 con questo spirito che, rafforzando il rapporto con le associazioni locali ed i medici Anffas rappresentanti in seno alle varie commissioni di accertamento, <strong>vogliamo collaborare ed essere da stimolo ad Inps con continuit\u00e0, competenza ed eticit\u00e0<\/strong><\/em>.\u201d<\/p>\n<p>Anffas avr\u00e0 infine cura di lavorare anche rispetto alle altre prestazioni assistenziali e previdenziali messe in campo dall\u2019Inps, affinch\u00e9 lo sforzo del momento accertativo iniziale non sia disperso nel momento della concreta erogazione dei servizi e delle prestazioni a favore delle persone con disabilit\u00e0.<\/p>\n<p><strong><a href=\"http:\/\/www.anffas.net\/dld\/files\/Istituzione%20Tavolo%20di%20confronto%20sulla%20disabilita.pdf\" target=\"_blank\" rel=\"noopener\">PROTOCOLLO INPS &#8211; <b>ANFFAS, ANMIC, ENS e UIC<\/b><\/a><\/strong><\/p>\n<p>&nbsp;<\/p>\n<p>&nbsp;<\/p>\n","protected":false},"excerpt":{"rendered":"<p>Istituito un TAVOLO DI CONFRONTO SU DISABILIT\u00c0 Al via la collaborazione tra INPS &#8211; ANFFAS, ANMIC, ENS e UIC Nella giornata di marted\u00ec 7 settembre Anffas, unitamente ad altre tre associazioni ANMIC, UICI ed ENS, ha firmato con l\u2019Istituto Nazionale Previdenza Sociale &#8211; Inps un protocollo con cui \u00e8 stato istituito un tavolo di confronto  [&#8230;]<\/p>\n","protected":false},"author":1,"featured_media":6913,"comment_status":"closed","ping_status":"closed","sticky":false,"template":"","format":"standard","meta":{"_acf_changed":false,"footnotes":""},"categories":[47,46,52],"tags":[],"class_list":["post-6912","post","type-post","status-publish","format-standard","has-post-thumbnail","hentry","category-eventi","category-notizie","category-opportunita"],"acf":[],"yoast_head":"<!-- This site is optimized with the Yoast SEO plugin v27.4 - https:\/\/yoast.com\/product\/yoast-seo-wordpress\/ -->\n<title>Al via la collaborazione tra INPS - ANFFAS, ANMIC, ENS e UIC - Anffas Onlus - Massa Carrara<\/title>\n<meta name=\"robots\" content=\"index, follow, max-snippet:-1, max-image-preview:large, max-video-preview:-1\" \/>\n<link rel=\"canonical\" href=\"https:\/\/www.anffasms.it\/?p=6912\" \/>\n<meta property=\"og:locale\" content=\"it_IT\" \/>\n<meta property=\"og:type\" content=\"article\" \/>\n<meta property=\"og:title\" content=\"Al via la collaborazione tra INPS - ANFFAS, ANMIC, ENS e UIC - Anffas Onlus - Massa Carrara\" \/>\n<meta property=\"og:description\" content=\"Istituito un TAVOLO DI CONFRONTO SU DISABILIT\u00c0 Al via la collaborazione tra INPS &#8211; ANFFAS, ANMIC, ENS e UIC Nella giornata di marted\u00ec 7 settembre Anffas, unitamente ad altre tre associazioni ANMIC, UICI ed ENS, ha firmato con l\u2019Istituto Nazionale Previdenza Sociale &#8211; Inps un protocollo con cui \u00e8 stato istituito un tavolo di confronto [...]\" \/>\n<meta property=\"og:url\" content=\"https:\/\/www.anffasms.it\/?p=6912\" \/>\n<meta property=\"og:site_name\" content=\"Anffas Onlus - Massa Carrara\" \/>\n<meta property=\"article:publisher\" content=\"https:\/\/www.facebook.com\/anffasms\/\" \/>\n<meta property=\"article:published_time\" content=\"2021-09-14T10:46:21+00:00\" \/>\n<meta property=\"article:modified_time\" content=\"2021-09-14T10:48:27+00:00\" \/>\n<meta property=\"og:image\" content=\"https:\/\/www.anffasms.it\/wp-content\/uploads\/2021\/09\/newsTavoloAnffas.jpg\" \/>\n\t<meta property=\"og:image:width\" content=\"1920\" \/>\n\t<meta property=\"og:image:height\" content=\"1280\" \/>\n\t<meta property=\"og:image:type\" content=\"image\/jpeg\" \/>\n<meta name=\"author\" content=\"Confinigrafici\" \/>\n<meta name=\"twitter:card\" content=\"summary_large_image\" \/>\n<meta name=\"twitter:label1\" content=\"Scritto da\" \/>\n\t<meta name=\"twitter:data1\" content=\"Confinigrafici\" \/>\n\t<meta name=\"twitter:label2\" content=\"Tempo di lettura stimato\" \/>\n\t<meta name=\"twitter:data2\" content=\"4 minuti\" \/>\n<script type=\"application\/ld+json\" class=\"yoast-schema-graph\">{\"@context\":\"https:\\\/\\\/schema.org\",\"@graph\":[{\"@type\":\"Article\",\"@id\":\"https:\\\/\\\/www.anffasms.it\\\/?p=6912#article\",\"isPartOf\":{\"@id\":\"https:\\\/\\\/www.anffasms.it\\\/?p=6912\"},\"author\":{\"name\":\"Confinigrafici\",\"@id\":\"https:\\\/\\\/www.anffasms.it\\\/#\\\/schema\\\/person\\\/3b0dda8b80eda30815430ef3ca6a47f6\"},\"headline\":\"Al via la collaborazione tra INPS &#8211; ANFFAS, ANMIC, ENS e UIC\",\"datePublished\":\"2021-09-14T10:46:21+00:00\",\"dateModified\":\"2021-09-14T10:48:27+00:00\",\"mainEntityOfPage\":{\"@id\":\"https:\\\/\\\/www.anffasms.it\\\/?p=6912\"},\"wordCount\":761,\"publisher\":{\"@id\":\"https:\\\/\\\/www.anffasms.it\\\/#organization\"},\"image\":{\"@id\":\"https:\\\/\\\/www.anffasms.it\\\/?p=6912#primaryimage\"},\"thumbnailUrl\":\"https:\\\/\\\/www.anffasms.it\\\/wp-content\\\/uploads\\\/2021\\\/09\\\/newsTavoloAnffas.jpg\",\"articleSection\":[\"Eventi\",\"Notizie\",\"Opportunit\u00e0\"],\"inLanguage\":\"it-IT\"},{\"@type\":\"WebPage\",\"@id\":\"https:\\\/\\\/www.anffasms.it\\\/?p=6912\",\"url\":\"https:\\\/\\\/www.anffasms.it\\\/?p=6912\",\"name\":\"Al via la collaborazione tra INPS - ANFFAS, ANMIC, ENS e UIC - Anffas Onlus - Massa Carrara\",\"isPartOf\":{\"@id\":\"https:\\\/\\\/www.anffasms.it\\\/#website\"},\"primaryImageOfPage\":{\"@id\":\"https:\\\/\\\/www.anffasms.it\\\/?p=6912#primaryimage\"},\"image\":{\"@id\":\"https:\\\/\\\/www.anffasms.it\\\/?p=6912#primaryimage\"},\"thumbnailUrl\":\"https:\\\/\\\/www.anffasms.it\\\/wp-content\\\/uploads\\\/2021\\\/09\\\/newsTavoloAnffas.jpg\",\"datePublished\":\"2021-09-14T10:46:21+00:00\",\"dateModified\":\"2021-09-14T10:48:27+00:00\",\"breadcrumb\":{\"@id\":\"https:\\\/\\\/www.anffasms.it\\\/?p=6912#breadcrumb\"},\"inLanguage\":\"it-IT\",\"potentialAction\":[{\"@type\":\"ReadAction\",\"target\":[\"https:\\\/\\\/www.anffasms.it\\\/?p=6912\"]}]},{\"@type\":\"ImageObject\",\"inLanguage\":\"it-IT\",\"@id\":\"https:\\\/\\\/www.anffasms.it\\\/?p=6912#primaryimage\",\"url\":\"https:\\\/\\\/www.anffasms.it\\\/wp-content\\\/uploads\\\/2021\\\/09\\\/newsTavoloAnffas.jpg\",\"contentUrl\":\"https:\\\/\\\/www.anffasms.it\\\/wp-content\\\/uploads\\\/2021\\\/09\\\/newsTavoloAnffas.jpg\",\"width\":1920,\"height\":1280,\"caption\":\"Collaborazione tra INPS - ANFFAS ANMIC ENS e UIC\"},{\"@type\":\"BreadcrumbList\",\"@id\":\"https:\\\/\\\/www.anffasms.it\\\/?p=6912#breadcrumb\",\"itemListElement\":[{\"@type\":\"ListItem\",\"position\":1,\"name\":\"Home\",\"item\":\"https:\\\/\\\/www.anffasms.it\\\/\"},{\"@type\":\"ListItem\",\"position\":2,\"name\":\"Al via la collaborazione tra INPS &#8211; ANFFAS, ANMIC, ENS e UIC\"}]},{\"@type\":\"WebSite\",\"@id\":\"https:\\\/\\\/www.anffasms.it\\\/#website\",\"url\":\"https:\\\/\\\/www.anffasms.it\\\/\",\"name\":\"Anffas Onlus - Massa Carrara\",\"description\":\"\",\"publisher\":{\"@id\":\"https:\\\/\\\/www.anffasms.it\\\/#organization\"},\"potentialAction\":[{\"@type\":\"SearchAction\",\"target\":{\"@type\":\"EntryPoint\",\"urlTemplate\":\"https:\\\/\\\/www.anffasms.it\\\/?s={search_term_string}\"},\"query-input\":{\"@type\":\"PropertyValueSpecification\",\"valueRequired\":true,\"valueName\":\"search_term_string\"}}],\"inLanguage\":\"it-IT\"},{\"@type\":\"Organization\",\"@id\":\"https:\\\/\\\/www.anffasms.it\\\/#organization\",\"name\":\"Anffas Massa Carrara Onlus\",\"url\":\"https:\\\/\\\/www.anffasms.it\\\/\",\"logo\":{\"@type\":\"ImageObject\",\"inLanguage\":\"it-IT\",\"@id\":\"https:\\\/\\\/www.anffasms.it\\\/#\\\/schema\\\/logo\\\/image\\\/\",\"url\":\"https:\\\/\\\/www.anffasms.it\\\/wp-content\\\/uploads\\\/2018\\\/07\\\/logo_anffas_onlus_massa_carrara.png\",\"contentUrl\":\"https:\\\/\\\/www.anffasms.it\\\/wp-content\\\/uploads\\\/2018\\\/07\\\/logo_anffas_onlus_massa_carrara.png\",\"width\":274,\"height\":108,\"caption\":\"Anffas Massa Carrara Onlus\"},\"image\":{\"@id\":\"https:\\\/\\\/www.anffasms.it\\\/#\\\/schema\\\/logo\\\/image\\\/\"},\"sameAs\":[\"https:\\\/\\\/www.facebook.com\\\/anffasms\\\/\"]},{\"@type\":\"Person\",\"@id\":\"https:\\\/\\\/www.anffasms.it\\\/#\\\/schema\\\/person\\\/3b0dda8b80eda30815430ef3ca6a47f6\",\"name\":\"Confinigrafici\",\"image\":{\"@type\":\"ImageObject\",\"inLanguage\":\"it-IT\",\"@id\":\"https:\\\/\\\/secure.gravatar.com\\\/avatar\\\/f4e4cd5e8d4407369b0538334bdc1f9f3ee06d5dc0cc3d587baeac824085167f?s=96&d=mm&r=g\",\"url\":\"https:\\\/\\\/secure.gravatar.com\\\/avatar\\\/f4e4cd5e8d4407369b0538334bdc1f9f3ee06d5dc0cc3d587baeac824085167f?s=96&d=mm&r=g\",\"contentUrl\":\"https:\\\/\\\/secure.gravatar.com\\\/avatar\\\/f4e4cd5e8d4407369b0538334bdc1f9f3ee06d5dc0cc3d587baeac824085167f?s=96&d=mm&r=g\",\"caption\":\"Confinigrafici\"}}]}<\/script>\n<!-- \/ Yoast SEO plugin. -->","yoast_head_json":{"title":"Al via la collaborazione tra INPS - ANFFAS, ANMIC, ENS e UIC - Anffas Onlus - Massa Carrara","robots":{"index":"index","follow":"follow","max-snippet":"max-snippet:-1","max-image-preview":"max-image-preview:large","max-video-preview":"max-video-preview:-1"},"canonical":"https:\/\/www.anffasms.it\/?p=6912","og_locale":"it_IT","og_type":"article","og_title":"Al via la collaborazione tra INPS - ANFFAS, ANMIC, ENS e UIC - Anffas Onlus - Massa Carrara","og_description":"Istituito un TAVOLO DI CONFRONTO SU DISABILIT\u00c0 Al via la collaborazione tra INPS &#8211; ANFFAS, ANMIC, ENS e UIC Nella giornata di marted\u00ec 7 settembre Anffas, unitamente ad altre tre associazioni ANMIC, UICI ed ENS, ha firmato con l\u2019Istituto Nazionale Previdenza Sociale &#8211; Inps un protocollo con cui \u00e8 stato istituito un tavolo di confronto [...]","og_url":"https:\/\/www.anffasms.it\/?p=6912","og_site_name":"Anffas Onlus - Massa Carrara","article_publisher":"https:\/\/www.facebook.com\/anffasms\/","article_published_time":"2021-09-14T10:46:21+00:00","article_modified_time":"2021-09-14T10:48:27+00:00","og_image":[{"width":1920,"height":1280,"url":"https:\/\/www.anffasms.it\/wp-content\/uploads\/2021\/09\/newsTavoloAnffas.jpg","type":"image\/jpeg"}],"author":"Confinigrafici","twitter_card":"summary_large_image","twitter_misc":{"Scritto da":"Confinigrafici","Tempo di lettura stimato":"4 minuti"},"schema":{"@context":"https:\/\/schema.org","@graph":[{"@type":"Article","@id":"https:\/\/www.anffasms.it\/?p=6912#article","isPartOf":{"@id":"https:\/\/www.anffasms.it\/?p=6912"},"author":{"name":"Confinigrafici","@id":"https:\/\/www.anffasms.it\/#\/schema\/person\/3b0dda8b80eda30815430ef3ca6a47f6"},"headline":"Al via la collaborazione tra INPS &#8211; ANFFAS, ANMIC, ENS e UIC","datePublished":"2021-09-14T10:46:21+00:00","dateModified":"2021-09-14T10:48:27+00:00","mainEntityOfPage":{"@id":"https:\/\/www.anffasms.it\/?p=6912"},"wordCount":761,"publisher":{"@id":"https:\/\/www.anffasms.it\/#organization"},"image":{"@id":"https:\/\/www.anffasms.it\/?p=6912#primaryimage"},"thumbnailUrl":"https:\/\/www.anffasms.it\/wp-content\/uploads\/2021\/09\/newsTavoloAnffas.jpg","articleSection":["Eventi","Notizie","Opportunit\u00e0"],"inLanguage":"it-IT"},{"@type":"WebPage","@id":"https:\/\/www.anffasms.it\/?p=6912","url":"https:\/\/www.anffasms.it\/?p=6912","name":"Al via la collaborazione tra INPS - ANFFAS, ANMIC, ENS e UIC - Anffas Onlus - Massa Carrara","isPartOf":{"@id":"https:\/\/www.anffasms.it\/#website"},"primaryImageOfPage":{"@id":"https:\/\/www.anffasms.it\/?p=6912#primaryimage"},"image":{"@id":"https:\/\/www.anffasms.it\/?p=6912#primaryimage"},"thumbnailUrl":"https:\/\/www.anffasms.it\/wp-content\/uploads\/2021\/09\/newsTavoloAnffas.jpg","datePublished":"2021-09-14T10:46:21+00:00","dateModified":"2021-09-14T10:48:27+00:00","breadcrumb":{"@id":"https:\/\/www.anffasms.it\/?p=6912#breadcrumb"},"inLanguage":"it-IT","potentialAction":[{"@type":"ReadAction","target":["https:\/\/www.anffasms.it\/?p=6912"]}]},{"@type":"ImageObject","inLanguage":"it-IT","@id":"https:\/\/www.anffasms.it\/?p=6912#primaryimage","url":"https:\/\/www.anffasms.it\/wp-content\/uploads\/2021\/09\/newsTavoloAnffas.jpg","contentUrl":"https:\/\/www.anffasms.it\/wp-content\/uploads\/2021\/09\/newsTavoloAnffas.jpg","width":1920,"height":1280,"caption":"Collaborazione tra INPS - ANFFAS ANMIC ENS e UIC"},{"@type":"BreadcrumbList","@id":"https:\/\/www.anffasms.it\/?p=6912#breadcrumb","itemListElement":[{"@type":"ListItem","position":1,"name":"Home","item":"https:\/\/www.anffasms.it\/"},{"@type":"ListItem","position":2,"name":"Al via la collaborazione tra INPS &#8211; ANFFAS, ANMIC, ENS e UIC"}]},{"@type":"WebSite","@id":"https:\/\/www.anffasms.it\/#website","url":"https:\/\/www.anffasms.it\/","name":"Anffas Onlus - Massa Carrara","description":"","publisher":{"@id":"https:\/\/www.anffasms.it\/#organization"},"potentialAction":[{"@type":"SearchAction","target":{"@type":"EntryPoint","urlTemplate":"https:\/\/www.anffasms.it\/?s={search_term_string}"},"query-input":{"@type":"PropertyValueSpecification","valueRequired":true,"valueName":"search_term_string"}}],"inLanguage":"it-IT"},{"@type":"Organization","@id":"https:\/\/www.anffasms.it\/#organization","name":"Anffas Massa Carrara Onlus","url":"https:\/\/www.anffasms.it\/","logo":{"@type":"ImageObject","inLanguage":"it-IT","@id":"https:\/\/www.anffasms.it\/#\/schema\/logo\/image\/","url":"https:\/\/www.anffasms.it\/wp-content\/uploads\/2018\/07\/logo_anffas_onlus_massa_carrara.png","contentUrl":"https:\/\/www.anffasms.it\/wp-content\/uploads\/2018\/07\/logo_anffas_onlus_massa_carrara.png","width":274,"height":108,"caption":"Anffas Massa Carrara Onlus"},"image":{"@id":"https:\/\/www.anffasms.it\/#\/schema\/logo\/image\/"},"sameAs":["https:\/\/www.facebook.com\/anffasms\/"]},{"@type":"Person","@id":"https:\/\/www.anffasms.it\/#\/schema\/person\/3b0dda8b80eda30815430ef3ca6a47f6","name":"Confinigrafici","image":{"@type":"ImageObject","inLanguage":"it-IT","@id":"https:\/\/secure.gravatar.com\/avatar\/f4e4cd5e8d4407369b0538334bdc1f9f3ee06d5dc0cc3d587baeac824085167f?s=96&d=mm&r=g","url":"https:\/\/secure.gravatar.com\/avatar\/f4e4cd5e8d4407369b0538334bdc1f9f3ee06d5dc0cc3d587baeac824085167f?s=96&d=mm&r=g","contentUrl":"https:\/\/secure.gravatar.com\/avatar\/f4e4cd5e8d4407369b0538334bdc1f9f3ee06d5dc0cc3d587baeac824085167f?s=96&d=mm&r=g","caption":"Confinigrafici"}}]}},"_links":{"self":[{"href":"https:\/\/www.anffasms.it\/index.php?rest_route=\/wp\/v2\/posts\/6912","targetHints":{"allow":["GET"]}}],"collection":[{"href":"https:\/\/www.anffasms.it\/index.php?rest_route=\/wp\/v2\/posts"}],"about":[{"href":"https:\/\/www.anffasms.it\/index.php?rest_route=\/wp\/v2\/types\/post"}],"author":[{"embeddable":true,"href":"https:\/\/www.anffasms.it\/index.php?rest_route=\/wp\/v2\/users\/1"}],"replies":[{"embeddable":true,"href":"https:\/\/www.anffasms.it\/index.php?rest_route=%2Fwp%2Fv2%2Fcomments&post=6912"}],"version-history":[{"count":4,"href":"https:\/\/www.anffasms.it\/index.php?rest_route=\/wp\/v2\/posts\/6912\/revisions"}],"predecessor-version":[{"id":6916,"href":"https:\/\/www.anffasms.it\/index.php?rest_route=\/wp\/v2\/posts\/6912\/revisions\/6916"}],"wp:featuredmedia":[{"embeddable":true,"href":"https:\/\/www.anffasms.it\/index.php?rest_route=\/wp\/v2\/media\/6913"}],"wp:attachment":[{"href":"https:\/\/www.anffasms.it\/index.php?rest_route=%2Fwp%2Fv2%2Fmedia&parent=6912"}],"wp:term":[{"taxonomy":"category","embeddable":true,"href":"https:\/\/www.anffasms.it\/index.php?rest_route=%2Fwp%2Fv2%2Fcategories&post=6912"},{"taxonomy":"post_tag","embeddable":true,"href":"https:\/\/www.anffasms.it\/index.php?rest_route=%2Fwp%2Fv2%2Ftags&post=6912"}],"curies":[{"name":"wp","href":"https:\/\/api.w.org\/{rel}","templated":true}]}}