{"id":7376,"date":"2022-11-22T11:02:20","date_gmt":"2022-11-22T10:02:20","guid":{"rendered":"https:\/\/www.anffasms.it\/?p=7376"},"modified":"2022-11-22T11:34:07","modified_gmt":"2022-11-22T10:34:07","slug":"volontariato-dalla-teoria-alla-pratica","status":"publish","type":"post","link":"https:\/\/www.anffasms.it\/?p=7376","title":{"rendered":"Volontariato: DALLA TEORIA ALLA PRATICA"},"content":{"rendered":"<p>Anche quest\u2019anno il progetto si pone la finalit\u00e0 di contribuire all\u2019evoluzione inclusiva delle comunit\u00e0 locali, mettere in atto in maniera sostanziale la collaborazione tra volontari e le persone con disabilit\u00e0. Il fine pi\u00f9 rilevante \u00e8 quello di aiutare le persone con disabilit\u00e0, attraverso l\u2019affiancamento dei volontari, ad essere<strong> CITTADINI ATTIVI<\/strong>.<\/p>\n<p>Guardiamo all\u2019attivismo civico come una \u201c<strong>pratica di cittadinanza<\/strong>\u201d che consiste in una pluralit\u00e0 di autonome forme di azione collettiva che si attuano nelle politiche pubbliche e che danno concretezza al principio costituzionale dell\u2019impegno per rimuovere gli ostacoli all&#8217;eguaglianza dei cittadini attraverso attivit\u00e0 di interesse generale (articoli 3 e 118); e consideriamo in questo caso le attivit\u00e0 di interesse generale come quelle che mirano a rendere effettivi i diritti esistenti o promuovere il riconoscimento di nuovi diritti; a prendersi cura di beni comuni materiali o immateriali; a promuovere l\u2019autonomia di soggetti in condizioni di debolezza o di emarginazione (empowerment), possiamo cogliere la portata di forme di impegno civico, o di cittadinanza attiva, che costituiscono una risorsa non fungibile non solo per la reinvenzione della cittadinanza democratica, ma anche per riconsiderare il significato della politica.<\/p>\n<p><strong>Verranno favorite iniziative sul territorio che coinvolgano, a pari livello, volontari e persone con disabilit\u00e0: partecipazione attiva, quindi, a manifestazioni locali (culturali, gastronomiche, sportive), collaborazioni con consulta Handicap, commissione pari opportunit\u00e0.<\/strong><\/p>\n<h2>Luogo e data di svolgimento:<\/h2>\n<p>sedi Anffas Toscane Anffas di Val d\u2019Elsa, Lucca,Firenze e Massa Carrara.<br \/>\nPeriodo: 23\/11\/2022 31\/12\/2022<\/p>\n","protected":false},"excerpt":{"rendered":"<p>Anche quest\u2019anno il progetto si pone la finalit\u00e0 di contribuire all\u2019evoluzione inclusiva delle comunit\u00e0 locali, mettere in atto in maniera sostanziale la collaborazione tra volontari e le persone con disabilit\u00e0. Il fine pi\u00f9 rilevante \u00e8 quello di aiutare le persone con disabilit\u00e0, attraverso l\u2019affiancamento dei volontari, ad essere CITTADINI ATTIVI. Guardiamo all\u2019attivismo civico come una  [&#8230;]<\/p>\n","protected":false},"author":1,"featured_media":7378,"comment_status":"closed","ping_status":"closed","sticky":false,"template":"","format":"standard","meta":{"_acf_changed":false,"footnotes":""},"categories":[47,46,9],"tags":[],"class_list":["post-7376","post","type-post","status-publish","format-standard","has-post-thumbnail","hentry","category-eventi","category-notizie","category-progetti"],"acf":[],"yoast_head":"<!-- This site is optimized with the Yoast SEO plugin v27.4 - https:\/\/yoast.com\/product\/yoast-seo-wordpress\/ -->\n<title>Volontariato DALLA TEORIA ALLA PRATICA - Sedi Anffas Toscana<\/title>\n<meta name=\"description\" content=\"Verranno favorite iniziative che coinvolgano volontari e persone con disabilit\u00e0: partecipazione attiva a manifestazioni locali collaborazioni\" \/>\n<meta name=\"robots\" content=\"index, follow, max-snippet:-1, max-image-preview:large, max-video-preview:-1\" \/>\n<link rel=\"canonical\" href=\"https:\/\/www.anffasms.it\/?p=7376\" \/>\n<meta property=\"og:locale\" content=\"it_IT\" \/>\n<meta property=\"og:type\" content=\"article\" \/>\n<meta property=\"og:title\" content=\"Volontariato DALLA TEORIA ALLA PRATICA - Sedi Anffas Toscana\" \/>\n<meta property=\"og:description\" content=\"Verranno favorite iniziative che coinvolgano volontari e persone con disabilit\u00e0: partecipazione attiva a manifestazioni locali collaborazioni\" \/>\n<meta property=\"og:url\" content=\"https:\/\/www.anffasms.it\/?p=7376\" \/>\n<meta property=\"og:site_name\" content=\"Anffas Onlus - Massa Carrara\" \/>\n<meta property=\"article:publisher\" content=\"https:\/\/www.facebook.com\/anffasms\/\" \/>\n<meta property=\"article:published_time\" content=\"2022-11-22T10:02:20+00:00\" \/>\n<meta property=\"article:modified_time\" content=\"2022-11-22T10:34:07+00:00\" \/>\n<meta property=\"og:image\" content=\"https:\/\/www.anffasms.it\/wp-content\/uploads\/2022\/11\/volontariato-dalla-teoria-alla-pratica-anffas-Toscana.jpg\" \/>\n\t<meta property=\"og:image:width\" content=\"1044\" \/>\n\t<meta property=\"og:image:height\" content=\"719\" \/>\n\t<meta property=\"og:image:type\" content=\"image\/jpeg\" \/>\n<meta name=\"author\" content=\"Confinigrafici\" \/>\n<meta name=\"twitter:card\" content=\"summary_large_image\" \/>\n<meta name=\"twitter:label1\" content=\"Scritto da\" \/>\n\t<meta name=\"twitter:data1\" content=\"Confinigrafici\" \/>\n\t<meta name=\"twitter:label2\" content=\"Tempo di lettura stimato\" \/>\n\t<meta name=\"twitter:data2\" content=\"2 minuti\" \/>\n<script type=\"application\/ld+json\" class=\"yoast-schema-graph\">{\"@context\":\"https:\\\/\\\/schema.org\",\"@graph\":[{\"@type\":\"Article\",\"@id\":\"https:\\\/\\\/www.anffasms.it\\\/?p=7376#article\",\"isPartOf\":{\"@id\":\"https:\\\/\\\/www.anffasms.it\\\/?p=7376\"},\"author\":{\"name\":\"Confinigrafici\",\"@id\":\"https:\\\/\\\/www.anffasms.it\\\/#\\\/schema\\\/person\\\/3b0dda8b80eda30815430ef3ca6a47f6\"},\"headline\":\"Volontariato: DALLA TEORIA ALLA PRATICA\",\"datePublished\":\"2022-11-22T10:02:20+00:00\",\"dateModified\":\"2022-11-22T10:34:07+00:00\",\"mainEntityOfPage\":{\"@id\":\"https:\\\/\\\/www.anffasms.it\\\/?p=7376\"},\"wordCount\":242,\"publisher\":{\"@id\":\"https:\\\/\\\/www.anffasms.it\\\/#organization\"},\"image\":{\"@id\":\"https:\\\/\\\/www.anffasms.it\\\/?p=7376#primaryimage\"},\"thumbnailUrl\":\"https:\\\/\\\/www.anffasms.it\\\/wp-content\\\/uploads\\\/2022\\\/11\\\/volontariato-dalla-teoria-alla-pratica-anffas-Toscana.jpg\",\"articleSection\":[\"Eventi\",\"Notizie\",\"Progetti\"],\"inLanguage\":\"it-IT\"},{\"@type\":\"WebPage\",\"@id\":\"https:\\\/\\\/www.anffasms.it\\\/?p=7376\",\"url\":\"https:\\\/\\\/www.anffasms.it\\\/?p=7376\",\"name\":\"Volontariato DALLA TEORIA ALLA PRATICA - Sedi Anffas Toscana\",\"isPartOf\":{\"@id\":\"https:\\\/\\\/www.anffasms.it\\\/#website\"},\"primaryImageOfPage\":{\"@id\":\"https:\\\/\\\/www.anffasms.it\\\/?p=7376#primaryimage\"},\"image\":{\"@id\":\"https:\\\/\\\/www.anffasms.it\\\/?p=7376#primaryimage\"},\"thumbnailUrl\":\"https:\\\/\\\/www.anffasms.it\\\/wp-content\\\/uploads\\\/2022\\\/11\\\/volontariato-dalla-teoria-alla-pratica-anffas-Toscana.jpg\",\"datePublished\":\"2022-11-22T10:02:20+00:00\",\"dateModified\":\"2022-11-22T10:34:07+00:00\",\"description\":\"Verranno favorite iniziative che coinvolgano volontari e persone con disabilit\u00e0: partecipazione attiva a manifestazioni locali collaborazioni\",\"breadcrumb\":{\"@id\":\"https:\\\/\\\/www.anffasms.it\\\/?p=7376#breadcrumb\"},\"inLanguage\":\"it-IT\",\"potentialAction\":[{\"@type\":\"ReadAction\",\"target\":[\"https:\\\/\\\/www.anffasms.it\\\/?p=7376\"]}]},{\"@type\":\"ImageObject\",\"inLanguage\":\"it-IT\",\"@id\":\"https:\\\/\\\/www.anffasms.it\\\/?p=7376#primaryimage\",\"url\":\"https:\\\/\\\/www.anffasms.it\\\/wp-content\\\/uploads\\\/2022\\\/11\\\/volontariato-dalla-teoria-alla-pratica-anffas-Toscana.jpg\",\"contentUrl\":\"https:\\\/\\\/www.anffasms.it\\\/wp-content\\\/uploads\\\/2022\\\/11\\\/volontariato-dalla-teoria-alla-pratica-anffas-Toscana.jpg\",\"width\":1044,\"height\":719,\"caption\":\"Volontariato dalla teoria alla pratica Anffas Toscana\"},{\"@type\":\"BreadcrumbList\",\"@id\":\"https:\\\/\\\/www.anffasms.it\\\/?p=7376#breadcrumb\",\"itemListElement\":[{\"@type\":\"ListItem\",\"position\":1,\"name\":\"Home\",\"item\":\"https:\\\/\\\/www.anffasms.it\\\/\"},{\"@type\":\"ListItem\",\"position\":2,\"name\":\"Volontariato: DALLA TEORIA ALLA PRATICA\"}]},{\"@type\":\"WebSite\",\"@id\":\"https:\\\/\\\/www.anffasms.it\\\/#website\",\"url\":\"https:\\\/\\\/www.anffasms.it\\\/\",\"name\":\"Anffas Onlus - Massa Carrara\",\"description\":\"\",\"publisher\":{\"@id\":\"https:\\\/\\\/www.anffasms.it\\\/#organization\"},\"potentialAction\":[{\"@type\":\"SearchAction\",\"target\":{\"@type\":\"EntryPoint\",\"urlTemplate\":\"https:\\\/\\\/www.anffasms.it\\\/?s={search_term_string}\"},\"query-input\":{\"@type\":\"PropertyValueSpecification\",\"valueRequired\":true,\"valueName\":\"search_term_string\"}}],\"inLanguage\":\"it-IT\"},{\"@type\":\"Organization\",\"@id\":\"https:\\\/\\\/www.anffasms.it\\\/#organization\",\"name\":\"Anffas Massa Carrara Onlus\",\"url\":\"https:\\\/\\\/www.anffasms.it\\\/\",\"logo\":{\"@type\":\"ImageObject\",\"inLanguage\":\"it-IT\",\"@id\":\"https:\\\/\\\/www.anffasms.it\\\/#\\\/schema\\\/logo\\\/image\\\/\",\"url\":\"https:\\\/\\\/www.anffasms.it\\\/wp-content\\\/uploads\\\/2018\\\/07\\\/logo_anffas_onlus_massa_carrara.png\",\"contentUrl\":\"https:\\\/\\\/www.anffasms.it\\\/wp-content\\\/uploads\\\/2018\\\/07\\\/logo_anffas_onlus_massa_carrara.png\",\"width\":274,\"height\":108,\"caption\":\"Anffas Massa Carrara Onlus\"},\"image\":{\"@id\":\"https:\\\/\\\/www.anffasms.it\\\/#\\\/schema\\\/logo\\\/image\\\/\"},\"sameAs\":[\"https:\\\/\\\/www.facebook.com\\\/anffasms\\\/\"]},{\"@type\":\"Person\",\"@id\":\"https:\\\/\\\/www.anffasms.it\\\/#\\\/schema\\\/person\\\/3b0dda8b80eda30815430ef3ca6a47f6\",\"name\":\"Confinigrafici\",\"image\":{\"@type\":\"ImageObject\",\"inLanguage\":\"it-IT\",\"@id\":\"https:\\\/\\\/secure.gravatar.com\\\/avatar\\\/f4e4cd5e8d4407369b0538334bdc1f9f3ee06d5dc0cc3d587baeac824085167f?s=96&d=mm&r=g\",\"url\":\"https:\\\/\\\/secure.gravatar.com\\\/avatar\\\/f4e4cd5e8d4407369b0538334bdc1f9f3ee06d5dc0cc3d587baeac824085167f?s=96&d=mm&r=g\",\"contentUrl\":\"https:\\\/\\\/secure.gravatar.com\\\/avatar\\\/f4e4cd5e8d4407369b0538334bdc1f9f3ee06d5dc0cc3d587baeac824085167f?s=96&d=mm&r=g\",\"caption\":\"Confinigrafici\"}}]}<\/script>\n<!-- \/ Yoast SEO plugin. -->","yoast_head_json":{"title":"Volontariato DALLA TEORIA ALLA PRATICA - Sedi Anffas Toscana","description":"Verranno favorite iniziative che coinvolgano volontari e persone con disabilit\u00e0: partecipazione attiva a manifestazioni locali collaborazioni","robots":{"index":"index","follow":"follow","max-snippet":"max-snippet:-1","max-image-preview":"max-image-preview:large","max-video-preview":"max-video-preview:-1"},"canonical":"https:\/\/www.anffasms.it\/?p=7376","og_locale":"it_IT","og_type":"article","og_title":"Volontariato DALLA TEORIA ALLA PRATICA - Sedi Anffas Toscana","og_description":"Verranno favorite iniziative che coinvolgano volontari e persone con disabilit\u00e0: partecipazione attiva a manifestazioni locali collaborazioni","og_url":"https:\/\/www.anffasms.it\/?p=7376","og_site_name":"Anffas Onlus - Massa Carrara","article_publisher":"https:\/\/www.facebook.com\/anffasms\/","article_published_time":"2022-11-22T10:02:20+00:00","article_modified_time":"2022-11-22T10:34:07+00:00","og_image":[{"width":1044,"height":719,"url":"https:\/\/www.anffasms.it\/wp-content\/uploads\/2022\/11\/volontariato-dalla-teoria-alla-pratica-anffas-Toscana.jpg","type":"image\/jpeg"}],"author":"Confinigrafici","twitter_card":"summary_large_image","twitter_misc":{"Scritto da":"Confinigrafici","Tempo di lettura stimato":"2 minuti"},"schema":{"@context":"https:\/\/schema.org","@graph":[{"@type":"Article","@id":"https:\/\/www.anffasms.it\/?p=7376#article","isPartOf":{"@id":"https:\/\/www.anffasms.it\/?p=7376"},"author":{"name":"Confinigrafici","@id":"https:\/\/www.anffasms.it\/#\/schema\/person\/3b0dda8b80eda30815430ef3ca6a47f6"},"headline":"Volontariato: DALLA TEORIA ALLA PRATICA","datePublished":"2022-11-22T10:02:20+00:00","dateModified":"2022-11-22T10:34:07+00:00","mainEntityOfPage":{"@id":"https:\/\/www.anffasms.it\/?p=7376"},"wordCount":242,"publisher":{"@id":"https:\/\/www.anffasms.it\/#organization"},"image":{"@id":"https:\/\/www.anffasms.it\/?p=7376#primaryimage"},"thumbnailUrl":"https:\/\/www.anffasms.it\/wp-content\/uploads\/2022\/11\/volontariato-dalla-teoria-alla-pratica-anffas-Toscana.jpg","articleSection":["Eventi","Notizie","Progetti"],"inLanguage":"it-IT"},{"@type":"WebPage","@id":"https:\/\/www.anffasms.it\/?p=7376","url":"https:\/\/www.anffasms.it\/?p=7376","name":"Volontariato DALLA TEORIA ALLA PRATICA - Sedi Anffas Toscana","isPartOf":{"@id":"https:\/\/www.anffasms.it\/#website"},"primaryImageOfPage":{"@id":"https:\/\/www.anffasms.it\/?p=7376#primaryimage"},"image":{"@id":"https:\/\/www.anffasms.it\/?p=7376#primaryimage"},"thumbnailUrl":"https:\/\/www.anffasms.it\/wp-content\/uploads\/2022\/11\/volontariato-dalla-teoria-alla-pratica-anffas-Toscana.jpg","datePublished":"2022-11-22T10:02:20+00:00","dateModified":"2022-11-22T10:34:07+00:00","description":"Verranno favorite iniziative che coinvolgano volontari e persone con disabilit\u00e0: partecipazione attiva a manifestazioni locali collaborazioni","breadcrumb":{"@id":"https:\/\/www.anffasms.it\/?p=7376#breadcrumb"},"inLanguage":"it-IT","potentialAction":[{"@type":"ReadAction","target":["https:\/\/www.anffasms.it\/?p=7376"]}]},{"@type":"ImageObject","inLanguage":"it-IT","@id":"https:\/\/www.anffasms.it\/?p=7376#primaryimage","url":"https:\/\/www.anffasms.it\/wp-content\/uploads\/2022\/11\/volontariato-dalla-teoria-alla-pratica-anffas-Toscana.jpg","contentUrl":"https:\/\/www.anffasms.it\/wp-content\/uploads\/2022\/11\/volontariato-dalla-teoria-alla-pratica-anffas-Toscana.jpg","width":1044,"height":719,"caption":"Volontariato dalla teoria alla pratica Anffas Toscana"},{"@type":"BreadcrumbList","@id":"https:\/\/www.anffasms.it\/?p=7376#breadcrumb","itemListElement":[{"@type":"ListItem","position":1,"name":"Home","item":"https:\/\/www.anffasms.it\/"},{"@type":"ListItem","position":2,"name":"Volontariato: DALLA TEORIA ALLA PRATICA"}]},{"@type":"WebSite","@id":"https:\/\/www.anffasms.it\/#website","url":"https:\/\/www.anffasms.it\/","name":"Anffas Onlus - Massa Carrara","description":"","publisher":{"@id":"https:\/\/www.anffasms.it\/#organization"},"potentialAction":[{"@type":"SearchAction","target":{"@type":"EntryPoint","urlTemplate":"https:\/\/www.anffasms.it\/?s={search_term_string}"},"query-input":{"@type":"PropertyValueSpecification","valueRequired":true,"valueName":"search_term_string"}}],"inLanguage":"it-IT"},{"@type":"Organization","@id":"https:\/\/www.anffasms.it\/#organization","name":"Anffas Massa Carrara Onlus","url":"https:\/\/www.anffasms.it\/","logo":{"@type":"ImageObject","inLanguage":"it-IT","@id":"https:\/\/www.anffasms.it\/#\/schema\/logo\/image\/","url":"https:\/\/www.anffasms.it\/wp-content\/uploads\/2018\/07\/logo_anffas_onlus_massa_carrara.png","contentUrl":"https:\/\/www.anffasms.it\/wp-content\/uploads\/2018\/07\/logo_anffas_onlus_massa_carrara.png","width":274,"height":108,"caption":"Anffas Massa Carrara Onlus"},"image":{"@id":"https:\/\/www.anffasms.it\/#\/schema\/logo\/image\/"},"sameAs":["https:\/\/www.facebook.com\/anffasms\/"]},{"@type":"Person","@id":"https:\/\/www.anffasms.it\/#\/schema\/person\/3b0dda8b80eda30815430ef3ca6a47f6","name":"Confinigrafici","image":{"@type":"ImageObject","inLanguage":"it-IT","@id":"https:\/\/secure.gravatar.com\/avatar\/f4e4cd5e8d4407369b0538334bdc1f9f3ee06d5dc0cc3d587baeac824085167f?s=96&d=mm&r=g","url":"https:\/\/secure.gravatar.com\/avatar\/f4e4cd5e8d4407369b0538334bdc1f9f3ee06d5dc0cc3d587baeac824085167f?s=96&d=mm&r=g","contentUrl":"https:\/\/secure.gravatar.com\/avatar\/f4e4cd5e8d4407369b0538334bdc1f9f3ee06d5dc0cc3d587baeac824085167f?s=96&d=mm&r=g","caption":"Confinigrafici"}}]}},"_links":{"self":[{"href":"https:\/\/www.anffasms.it\/index.php?rest_route=\/wp\/v2\/posts\/7376","targetHints":{"allow":["GET"]}}],"collection":[{"href":"https:\/\/www.anffasms.it\/index.php?rest_route=\/wp\/v2\/posts"}],"about":[{"href":"https:\/\/www.anffasms.it\/index.php?rest_route=\/wp\/v2\/types\/post"}],"author":[{"embeddable":true,"href":"https:\/\/www.anffasms.it\/index.php?rest_route=\/wp\/v2\/users\/1"}],"replies":[{"embeddable":true,"href":"https:\/\/www.anffasms.it\/index.php?rest_route=%2Fwp%2Fv2%2Fcomments&post=7376"}],"version-history":[{"count":3,"href":"https:\/\/www.anffasms.it\/index.php?rest_route=\/wp\/v2\/posts\/7376\/revisions"}],"predecessor-version":[{"id":7380,"href":"https:\/\/www.anffasms.it\/index.php?rest_route=\/wp\/v2\/posts\/7376\/revisions\/7380"}],"wp:featuredmedia":[{"embeddable":true,"href":"https:\/\/www.anffasms.it\/index.php?rest_route=\/wp\/v2\/media\/7378"}],"wp:attachment":[{"href":"https:\/\/www.anffasms.it\/index.php?rest_route=%2Fwp%2Fv2%2Fmedia&parent=7376"}],"wp:term":[{"taxonomy":"category","embeddable":true,"href":"https:\/\/www.anffasms.it\/index.php?rest_route=%2Fwp%2Fv2%2Fcategories&post=7376"},{"taxonomy":"post_tag","embeddable":true,"href":"https:\/\/www.anffasms.it\/index.php?rest_route=%2Fwp%2Fv2%2Ftags&post=7376"}],"curies":[{"name":"wp","href":"https:\/\/api.w.org\/{rel}","templated":true}]}}